{"id":4176,"date":"2024-02-07T16:59:31","date_gmt":"2024-02-07T16:59:31","guid":{"rendered":"https:\/\/www.aberje.com.br\/ce\/?p=4176"},"modified":"2024-02-07T16:59:31","modified_gmt":"2024-02-07T16:59:31","slug":"por-um-lugar-a-mesa","status":"publish","type":"post","link":"https:\/\/www.aberje.com.br\/ce\/think-tank\/por-um-lugar-a-mesa\/","title":{"rendered":"Por um lugar \u00e0 mesa"},"content":{"rendered":"<p>O valor da Comunica\u00e7\u00e3o Corporativa \u00e9 uma quest\u00e3o t\u00e3o antiga quanto a pr\u00f3pria \u00e1rea. Durante uma crise, sua import\u00e2ncia torna-se evidente, mas nos per\u00edodos mais tranquilos, que s\u00e3o a maioria, muitas vezes \u00e9 posta em d\u00favida.<\/p>\n<p>Para come\u00e7ar, \u00e9 relevante observar que n\u00e3o existe uma regra universal para determinar a quem a \u00e1rea de Comunica\u00e7\u00e3o Corporativa deve se reportar. Isso varia de empresa para empresa, dependendo do setor e da estrutura organizacional. J\u00e1 vimos casos em que a Comunica\u00e7\u00e3o Corporativa se reporta diretamente ao Conselho de Administra\u00e7\u00e3o, ao Departamento de Marketing, \u00e0 equipe de Rela\u00e7\u00f5es Governamentais e at\u00e9 mesmo ao departamento de Recursos Humanos. No entanto, independentemente da estrutura, a Comunica\u00e7\u00e3o s\u00f3 se torna verdadeiramente eficaz quando possui um assento \u00e0 mesa, ou seja, quando \u00e9 considerada uma parte integrante da estrat\u00e9gia da empresa, em vez de ser vista apenas como uma executora de tarefas.<\/p>\n<p>Ter um lugar \u00e0 mesa implica em participar ativamente do planejamento estrat\u00e9gico do neg\u00f3cio e n\u00e3o se limitar a receber informa\u00e7\u00f5es ap\u00f3s as decis\u00f5es j\u00e1 terem sido tomadas. Quando a empresa n\u00e3o compreende o valor da Comunica\u00e7\u00e3o Corporativa e o prop\u00f3sito de uma estrutura interna para essa \u00e1rea, \u00e9 comum que surjam pedidos do tipo \u201cprecisamos de um comunicado de imprensa sobre o assunto X\u201d ou \u201cfa\u00e7a um comunicado interno sobre Y\u201d, muitas vezes sem um planejamento adequado.<\/p>\n<p>Quando essa situa\u00e7\u00e3o ocorre, \u00e9 um sintoma que precisa ser combatido. Quanto menos estrat\u00e9gica a \u00e1rea de Comunica\u00e7\u00e3o for, mais vulner\u00e1vel ela se torna a crises ou riscos relacionados \u00e0 imagem e \u00e0 reputa\u00e7\u00e3o da empresa. Isso \u00e9 particularmente perigoso, pois a imagem e a reputa\u00e7\u00e3o, juntamente com a marca, representam cerca de 90% do valor de mercado das companhias listadas no \u00edndice S&amp;P500. Um erro ou deslize nessa \u00e1rea pode resultar na perda de clientes e at\u00e9 mesmo em quedas nas cota\u00e7\u00f5es das a\u00e7\u00f5es das empresas de capital aberto. Portanto, a Comunica\u00e7\u00e3o Corporativa desempenha um papel fundamental na gest\u00e3o da imagem e da reputa\u00e7\u00e3o e, como tal, deveria fazer parte do Conselho de Administra\u00e7\u00e3o ou pelo menos ter voz ativa nas decis\u00f5es estrat\u00e9gicas da companhia. No entanto, isso nem sempre acontece.<\/p>\n<p>N\u00e3o h\u00e1 f\u00f3rmulas m\u00e1gicas para conquistar e manter esse assento \u00e0 mesa. Muitas vezes \u00e9 um desafio convencer a alta administra\u00e7\u00e3o de que a Comunica\u00e7\u00e3o precisa estar envolvida desde o in\u00edcio do processo de planejamento de neg\u00f3cios, mas os resultados s\u00e3o efetivos. Na Intel, por exemplo, temos um chief communications officer que faz parte da estrutura do CEO global e colabora com outras \u00e1reas, como Marketing e Recursos Humanos.<\/p>\n<p>Dentro dessa estrutura existem in\u00fameras vantagens, como assegurar a participa\u00e7\u00e3o em discuss\u00f5es cruciais e atuar como conselheiros nas tomadas de decis\u00e3o. Em um mundo no qual tudo \u00e9 facilmente registrado e viralizado online, a Comunica\u00e7\u00e3o assume o papel de consultora na identifica\u00e7\u00e3o e na mitiga\u00e7\u00e3o de riscos potenciais. Costuma-se dizer que somos o \u201cdepartamento que previne problemas\u201d, mas s\u00f3 conseguimos desempenhar esse papel se estivermos envolvidos desde o est\u00e1gio inicial do planejamento, a fim de direcionar e abordar eventuais riscos.<\/p>\n<p>Al\u00e9m disso, h\u00e1 uma melhora percept\u00edvel na reputa\u00e7\u00e3o e na imagem da empresa quando a Comunica\u00e7\u00e3o est\u00e1 alinhada com a diretoria e tem uma vis\u00e3o completa de como a companhia opera. Isso inclui compreender os lan\u00e7amentos e an\u00fancios em todas as unidades de neg\u00f3cios, elaborar a narrativa mais adequada, analisar a situa\u00e7\u00e3o atual e os objetivos futuros e manter uma comunica\u00e7\u00e3o consistente em toda a empresa.<\/p>\n<p><span style=\"font-size: 14pt; color: #ff00ff;\"><em>Mostrar o valor da \u00e1rea de Comunica\u00e7\u00e3o tamb\u00e9m \u00e9 um desafio complexo<\/em><\/span><\/p>\n<p>\u00c9 igualmente crucial que os profissionais de comunica\u00e7\u00e3o estejam preparados para desempenhar esse papel. Participar de reuni\u00f5es com a alta administra\u00e7\u00e3o requer n\u00e3o apenas conhecimento do jarg\u00e3o corporativo e da companhia, mas tamb\u00e9m compreens\u00e3o de gest\u00e3o empresarial e de recursos humanos. Os comunicadores s\u00f3 podem contribuir efetivamente em reuni\u00f5es estrat\u00e9gicas se tiverem conhecimento nesses dom\u00ednios.<\/p>\n<p>Para que a Comunica\u00e7\u00e3o Corporativa seja considerada estrat\u00e9gica, \u00e9 fundamental que os profissionais dessa \u00e1rea se tornem estrat\u00e9gicos e demonstrem seu valor. Portanto, \u00e9 imprescind\u00edvel compreender bem o neg\u00f3cio e a gest\u00e3o.<\/p>\n<p>Mostrar o valor da \u00e1rea tamb\u00e9m \u00e9 um desafio complexo. Portanto, \u00e9 necess\u00e1rio adotar uma abordagem orientada por dados. Durante muito tempo, muitas decis\u00f5es na \u00e1rea de comunica\u00e7\u00e3o e marketing eram baseadas em suposi\u00e7\u00f5es. A abordagem \u201cdata-driven\u201d surgiu para centralizar os dados e embasar as decis\u00f5es de forma mais assertiva. Os dados s\u00e3o agora considerados um recurso valioso, e todas as empresas precisam adotar essa cultura, inclusive na \u00e1rea de Comunica\u00e7\u00e3o. Essa \u00e9 a \u00fanica maneira de tomar a\u00e7\u00f5es mais precisas. A coleta de dados e a an\u00e1lise n\u00e3o s\u00e3o mais exclusividade das \u00e1reas de intelig\u00eancia de mercado e fazem parte da rotina de todos os departamentos.<\/p>\n<p>Por fim, mas n\u00e3o menos importante, \u00e9 crucial evitar que a \u00e1rea de Comunica\u00e7\u00e3o Corporativa se torne um mero \u201cdepartamento de solicita\u00e7\u00f5es\u201d. Isso significa que \u00e9 necess\u00e1rio comunicar aos demais stakeholders internos que o trabalho da \u00e1rea n\u00e3o se limita a atender a demandas pontuais, mas que contribui tamb\u00e9m para o planejamento estrat\u00e9gico. Muitas vezes, durante o processo, pode ser necess\u00e1rio recusar certas solicita\u00e7\u00f5es que n\u00e3o estejam alinhadas com a estrat\u00e9gia ou que tenham sido apresentadas tarde demais no projeto.<\/p>\n<p>O caminho para conquistar esse assento \u00e0 mesa pode ser desafiador, mas, uma vez alcan\u00e7ado, torna tudo mais f\u00e1cil. Aprender novas compet\u00eancias, manter-se atualizado, compreender n\u00fameros e or\u00e7amentos e priorizar atividades s\u00e3o elementos essenciais para se manter como parte integrante da estrat\u00e9gia empresarial e construir uma \u00e1rea de Comunica\u00e7\u00e3o relevante.<\/p>\n","protected":false},"excerpt":{"rendered":"<p>O valor da Comunica\u00e7\u00e3o Corporativa \u00e9 uma quest\u00e3o t\u00e3o antiga quanto a pr\u00f3pria \u00e1rea. Durante uma crise, sua import\u00e2ncia torna-se evidente, mas nos per\u00edodos mais tranquilos, que s\u00e3o a maioria, muitas vezes \u00e9 posta em d\u00favida. Para come\u00e7ar, \u00e9 relevante observar que n\u00e3o existe uma regra universal para determinar a quem a \u00e1rea de Comunica\u00e7\u00e3o &hellip; <a href=\"https:\/\/www.aberje.com.br\/ce\/think-tank\/por-um-lugar-a-mesa\/\" class=\"more-link\">Continuar lendo <span class=\"screen-reader-text\">Por um lugar \u00e0 mesa<\/span><\/a><\/p>\n","protected":false},"author":2,"featured_media":4177,"comment_status":"closed","ping_status":"closed","sticky":false,"template":"","format":"standard","meta":{"_acf_changed":false,"footnotes":""},"categories":[66,4],"tags":[],"class_list":["post-4176","post","type-post","status-publish","format-standard","has-post-thumbnail","hentry","category-66","category-think-tank"],"acf":[],"yoast_head":"<!-- This site is optimized with the Yoast SEO plugin v25.3.1 - https:\/\/yoast.com\/wordpress\/plugins\/seo\/ -->\n<title>Por um lugar \u00e0 mesa - CE<\/title>\n<meta name=\"robots\" content=\"index, follow, max-snippet:-1, max-image-preview:large, max-video-preview:-1\" \/>\n<link rel=\"canonical\" href=\"https:\/\/www.aberje.com.br\/ce\/think-tank\/por-um-lugar-a-mesa\/\" \/>\n<meta property=\"og:locale\" content=\"pt_BR\" \/>\n<meta property=\"og:type\" content=\"article\" \/>\n<meta property=\"og:title\" content=\"Por um lugar \u00e0 mesa - CE\" \/>\n<meta property=\"og:description\" content=\"O valor da Comunica\u00e7\u00e3o Corporativa \u00e9 uma quest\u00e3o t\u00e3o antiga quanto a pr\u00f3pria \u00e1rea. Durante uma crise, sua import\u00e2ncia torna-se evidente, mas nos per\u00edodos mais tranquilos, que s\u00e3o a maioria, muitas vezes \u00e9 posta em d\u00favida. Para come\u00e7ar, \u00e9 relevante observar que n\u00e3o existe uma regra universal para determinar a quem a \u00e1rea de Comunica\u00e7\u00e3o &hellip; Continuar lendo Por um lugar \u00e0 mesa\" \/>\n<meta property=\"og:url\" content=\"https:\/\/www.aberje.com.br\/ce\/think-tank\/por-um-lugar-a-mesa\/\" \/>\n<meta property=\"og:site_name\" content=\"CE\" \/>\n<meta property=\"article:published_time\" content=\"2024-02-07T16:59:31+00:00\" \/>\n<meta property=\"og:image\" content=\"https:\/\/www.aberje.com.br\/ce\/wp-content\/uploads\/2024\/02\/Por-um-lugar-a-mesa-think-tank-CE-111-scaled-e1707142824449.jpg\" \/>\n\t<meta property=\"og:image:width\" content=\"900\" \/>\n\t<meta property=\"og:image:height\" content=\"1186\" \/>\n\t<meta property=\"og:image:type\" content=\"image\/jpeg\" \/>\n<meta name=\"author\" content=\"Arthur Motta\" \/>\n<meta name=\"twitter:card\" content=\"summary_large_image\" \/>\n<meta name=\"twitter:label1\" content=\"Escrito por\" \/>\n\t<meta name=\"twitter:data1\" content=\"Arthur Motta\" \/>\n\t<meta name=\"twitter:label2\" content=\"Est. tempo de leitura\" \/>\n\t<meta name=\"twitter:data2\" content=\"6 minutos\" \/>\n<script type=\"application\/ld+json\" class=\"yoast-schema-graph\">{\"@context\":\"https:\/\/schema.org\",\"@graph\":[{\"@type\":\"WebPage\",\"@id\":\"https:\/\/www.aberje.com.br\/ce\/think-tank\/por-um-lugar-a-mesa\/\",\"url\":\"https:\/\/www.aberje.com.br\/ce\/think-tank\/por-um-lugar-a-mesa\/\",\"name\":\"Por um lugar \u00e0 mesa - CE\",\"isPartOf\":{\"@id\":\"https:\/\/www.aberje.com.br\/ce\/#website\"},\"primaryImageOfPage\":{\"@id\":\"https:\/\/www.aberje.com.br\/ce\/think-tank\/por-um-lugar-a-mesa\/#primaryimage\"},\"image\":{\"@id\":\"https:\/\/www.aberje.com.br\/ce\/think-tank\/por-um-lugar-a-mesa\/#primaryimage\"},\"thumbnailUrl\":\"https:\/\/www.aberje.com.br\/ce\/wp-content\/uploads\/2024\/02\/Por-um-lugar-a-mesa-think-tank-CE-111-scaled-e1707142824449.jpg\",\"datePublished\":\"2024-02-07T16:59:31+00:00\",\"author\":{\"@id\":\"https:\/\/www.aberje.com.br\/ce\/#\/schema\/person\/7e3b037af4fa32672c30569e665e7232\"},\"breadcrumb\":{\"@id\":\"https:\/\/www.aberje.com.br\/ce\/think-tank\/por-um-lugar-a-mesa\/#breadcrumb\"},\"inLanguage\":\"pt-BR\",\"potentialAction\":[{\"@type\":\"ReadAction\",\"target\":[\"https:\/\/www.aberje.com.br\/ce\/think-tank\/por-um-lugar-a-mesa\/\"]}]},{\"@type\":\"ImageObject\",\"inLanguage\":\"pt-BR\",\"@id\":\"https:\/\/www.aberje.com.br\/ce\/think-tank\/por-um-lugar-a-mesa\/#primaryimage\",\"url\":\"https:\/\/www.aberje.com.br\/ce\/wp-content\/uploads\/2024\/02\/Por-um-lugar-a-mesa-think-tank-CE-111-scaled-e1707142824449.jpg\",\"contentUrl\":\"https:\/\/www.aberje.com.br\/ce\/wp-content\/uploads\/2024\/02\/Por-um-lugar-a-mesa-think-tank-CE-111-scaled-e1707142824449.jpg\",\"width\":900,\"height\":1186},{\"@type\":\"BreadcrumbList\",\"@id\":\"https:\/\/www.aberje.com.br\/ce\/think-tank\/por-um-lugar-a-mesa\/#breadcrumb\",\"itemListElement\":[{\"@type\":\"ListItem\",\"position\":1,\"name\":\"In\u00edcio\",\"item\":\"https:\/\/www.aberje.com.br\/ce\/\"},{\"@type\":\"ListItem\",\"position\":2,\"name\":\"Por um lugar \u00e0 mesa\"}]},{\"@type\":\"WebSite\",\"@id\":\"https:\/\/www.aberje.com.br\/ce\/#website\",\"url\":\"https:\/\/www.aberje.com.br\/ce\/\",\"name\":\"CE\",\"description\":\"Revista Comunica\u00e7\u00e3o Empresarial\",\"potentialAction\":[{\"@type\":\"SearchAction\",\"target\":{\"@type\":\"EntryPoint\",\"urlTemplate\":\"https:\/\/www.aberje.com.br\/ce\/?s={search_term_string}\"},\"query-input\":{\"@type\":\"PropertyValueSpecification\",\"valueRequired\":true,\"valueName\":\"search_term_string\"}}],\"inLanguage\":\"pt-BR\"},{\"@type\":\"Person\",\"@id\":\"https:\/\/www.aberje.com.br\/ce\/#\/schema\/person\/7e3b037af4fa32672c30569e665e7232\",\"name\":\"Arthur Motta\",\"image\":{\"@type\":\"ImageObject\",\"inLanguage\":\"pt-BR\",\"@id\":\"https:\/\/www.aberje.com.br\/ce\/#\/schema\/person\/image\/\",\"url\":\"https:\/\/secure.gravatar.com\/avatar\/f4845ec868c0f5d9bcebff333bbf455a1a4716408b9c3a6b53fdbde5cff06d97?s=96&d=mm&r=g\",\"contentUrl\":\"https:\/\/secure.gravatar.com\/avatar\/f4845ec868c0f5d9bcebff333bbf455a1a4716408b9c3a6b53fdbde5cff06d97?s=96&d=mm&r=g\",\"caption\":\"Arthur Motta\"},\"url\":\"https:\/\/www.aberje.com.br\/ce\/author\/arthur\/\"}]}<\/script>\n<!-- \/ Yoast SEO plugin. -->","yoast_head_json":{"title":"Por um lugar \u00e0 mesa - CE","robots":{"index":"index","follow":"follow","max-snippet":"max-snippet:-1","max-image-preview":"max-image-preview:large","max-video-preview":"max-video-preview:-1"},"canonical":"https:\/\/www.aberje.com.br\/ce\/think-tank\/por-um-lugar-a-mesa\/","og_locale":"pt_BR","og_type":"article","og_title":"Por um lugar \u00e0 mesa - CE","og_description":"O valor da Comunica\u00e7\u00e3o Corporativa \u00e9 uma quest\u00e3o t\u00e3o antiga quanto a pr\u00f3pria \u00e1rea. Durante uma crise, sua import\u00e2ncia torna-se evidente, mas nos per\u00edodos mais tranquilos, que s\u00e3o a maioria, muitas vezes \u00e9 posta em d\u00favida. Para come\u00e7ar, \u00e9 relevante observar que n\u00e3o existe uma regra universal para determinar a quem a \u00e1rea de Comunica\u00e7\u00e3o &hellip; Continuar lendo Por um lugar \u00e0 mesa","og_url":"https:\/\/www.aberje.com.br\/ce\/think-tank\/por-um-lugar-a-mesa\/","og_site_name":"CE","article_published_time":"2024-02-07T16:59:31+00:00","og_image":[{"width":900,"height":1186,"url":"https:\/\/www.aberje.com.br\/ce\/wp-content\/uploads\/2024\/02\/Por-um-lugar-a-mesa-think-tank-CE-111-scaled-e1707142824449.jpg","type":"image\/jpeg"}],"author":"Arthur Motta","twitter_card":"summary_large_image","twitter_misc":{"Escrito por":"Arthur Motta","Est. tempo de leitura":"6 minutos"},"schema":{"@context":"https:\/\/schema.org","@graph":[{"@type":"WebPage","@id":"https:\/\/www.aberje.com.br\/ce\/think-tank\/por-um-lugar-a-mesa\/","url":"https:\/\/www.aberje.com.br\/ce\/think-tank\/por-um-lugar-a-mesa\/","name":"Por um lugar \u00e0 mesa - CE","isPartOf":{"@id":"https:\/\/www.aberje.com.br\/ce\/#website"},"primaryImageOfPage":{"@id":"https:\/\/www.aberje.com.br\/ce\/think-tank\/por-um-lugar-a-mesa\/#primaryimage"},"image":{"@id":"https:\/\/www.aberje.com.br\/ce\/think-tank\/por-um-lugar-a-mesa\/#primaryimage"},"thumbnailUrl":"https:\/\/www.aberje.com.br\/ce\/wp-content\/uploads\/2024\/02\/Por-um-lugar-a-mesa-think-tank-CE-111-scaled-e1707142824449.jpg","datePublished":"2024-02-07T16:59:31+00:00","author":{"@id":"https:\/\/www.aberje.com.br\/ce\/#\/schema\/person\/7e3b037af4fa32672c30569e665e7232"},"breadcrumb":{"@id":"https:\/\/www.aberje.com.br\/ce\/think-tank\/por-um-lugar-a-mesa\/#breadcrumb"},"inLanguage":"pt-BR","potentialAction":[{"@type":"ReadAction","target":["https:\/\/www.aberje.com.br\/ce\/think-tank\/por-um-lugar-a-mesa\/"]}]},{"@type":"ImageObject","inLanguage":"pt-BR","@id":"https:\/\/www.aberje.com.br\/ce\/think-tank\/por-um-lugar-a-mesa\/#primaryimage","url":"https:\/\/www.aberje.com.br\/ce\/wp-content\/uploads\/2024\/02\/Por-um-lugar-a-mesa-think-tank-CE-111-scaled-e1707142824449.jpg","contentUrl":"https:\/\/www.aberje.com.br\/ce\/wp-content\/uploads\/2024\/02\/Por-um-lugar-a-mesa-think-tank-CE-111-scaled-e1707142824449.jpg","width":900,"height":1186},{"@type":"BreadcrumbList","@id":"https:\/\/www.aberje.com.br\/ce\/think-tank\/por-um-lugar-a-mesa\/#breadcrumb","itemListElement":[{"@type":"ListItem","position":1,"name":"In\u00edcio","item":"https:\/\/www.aberje.com.br\/ce\/"},{"@type":"ListItem","position":2,"name":"Por um lugar \u00e0 mesa"}]},{"@type":"WebSite","@id":"https:\/\/www.aberje.com.br\/ce\/#website","url":"https:\/\/www.aberje.com.br\/ce\/","name":"CE","description":"Revista Comunica\u00e7\u00e3o Empresarial","potentialAction":[{"@type":"SearchAction","target":{"@type":"EntryPoint","urlTemplate":"https:\/\/www.aberje.com.br\/ce\/?s={search_term_string}"},"query-input":{"@type":"PropertyValueSpecification","valueRequired":true,"valueName":"search_term_string"}}],"inLanguage":"pt-BR"},{"@type":"Person","@id":"https:\/\/www.aberje.com.br\/ce\/#\/schema\/person\/7e3b037af4fa32672c30569e665e7232","name":"Arthur Motta","image":{"@type":"ImageObject","inLanguage":"pt-BR","@id":"https:\/\/www.aberje.com.br\/ce\/#\/schema\/person\/image\/","url":"https:\/\/secure.gravatar.com\/avatar\/f4845ec868c0f5d9bcebff333bbf455a1a4716408b9c3a6b53fdbde5cff06d97?s=96&d=mm&r=g","contentUrl":"https:\/\/secure.gravatar.com\/avatar\/f4845ec868c0f5d9bcebff333bbf455a1a4716408b9c3a6b53fdbde5cff06d97?s=96&d=mm&r=g","caption":"Arthur Motta"},"url":"https:\/\/www.aberje.com.br\/ce\/author\/arthur\/"}]}},"_links":{"self":[{"href":"https:\/\/www.aberje.com.br\/ce\/wp-json\/wp\/v2\/posts\/4176","targetHints":{"allow":["GET"]}}],"collection":[{"href":"https:\/\/www.aberje.com.br\/ce\/wp-json\/wp\/v2\/posts"}],"about":[{"href":"https:\/\/www.aberje.com.br\/ce\/wp-json\/wp\/v2\/types\/post"}],"author":[{"embeddable":true,"href":"https:\/\/www.aberje.com.br\/ce\/wp-json\/wp\/v2\/users\/2"}],"replies":[{"embeddable":true,"href":"https:\/\/www.aberje.com.br\/ce\/wp-json\/wp\/v2\/comments?post=4176"}],"version-history":[{"count":3,"href":"https:\/\/www.aberje.com.br\/ce\/wp-json\/wp\/v2\/posts\/4176\/revisions"}],"predecessor-version":[{"id":4295,"href":"https:\/\/www.aberje.com.br\/ce\/wp-json\/wp\/v2\/posts\/4176\/revisions\/4295"}],"wp:featuredmedia":[{"embeddable":true,"href":"https:\/\/www.aberje.com.br\/ce\/wp-json\/wp\/v2\/media\/4177"}],"wp:attachment":[{"href":"https:\/\/www.aberje.com.br\/ce\/wp-json\/wp\/v2\/media?parent=4176"}],"wp:term":[{"taxonomy":"category","embeddable":true,"href":"https:\/\/www.aberje.com.br\/ce\/wp-json\/wp\/v2\/categories?post=4176"},{"taxonomy":"post_tag","embeddable":true,"href":"https:\/\/www.aberje.com.br\/ce\/wp-json\/wp\/v2\/tags?post=4176"}],"curies":[{"name":"wp","href":"https:\/\/api.w.org\/{rel}","templated":true}]}}